{"id":3963,"date":"2026-08-29T12:03:50","date_gmt":"2026-08-29T10:03:50","guid":{"rendered":"https:\/\/www.pdgfc.de\/content\/?p=3963"},"modified":"2026-08-29T12:03:50","modified_gmt":"2026-08-29T10:03:50","slug":"einladung-zur-mitgliederversammlung-2","status":"publish","type":"post","link":"https:\/\/www.pdgfc.de\/content\/?p=3963","title":{"rendered":"Einladung zur Mitgliederversammlung"},"content":{"rendered":"\n<p class=\"wp-block-paragraph\">Liebe Mitglieder des 1. PDGFC e.V.,<\/p>\n\n\n\n<p class=\"wp-block-paragraph\">wir laden euch sehr herzlich zur Mitgliederversammlung ein.<\/p>\n\n\n\n<p class=\"wp-block-paragraph\">Die Mitgliederversammlung findet statt am<\/p>\n\n\n\n<h3 class=\"wp-block-heading\"><strong>Freitag, 18.09.2026, 19:30 Uhr<\/strong><\/h3>\n\n\n\n<p class=\"wp-block-paragraph\">im Landhotel-Restaurant Berg,<br>Oberstra\u00dfe 11, 67814 Dannenfels<br>im Nebengeb\u00e4ude (nicht im Restaurant)<br><br>Interessierte treffen sich schon um <strong>18:15<\/strong> dort, um zu einer Besichtigung des Startplatzes B\u00e4renloch\/Rampe hochzufahren (Fahrgemeinschaften) oder um <strong>18:30<\/strong> oben direkt am Startplatz. Diese Besichtigung ist nicht offizieller Teil der Mitgliederversammlung, dient aber der besseren Entscheidungsfindung von Tagesordnungspunkt 7.<\/p>\n\n\n\n<h3 class=\"wp-block-heading\">Tagesordnung (Beginn 19:30)<\/h3>\n\n\n\n<ol class=\"wp-block-list\">\n<li>Begr\u00fc\u00dfung und Feststellung der Beschlussf\u00e4higkeit<\/li>\n\n\n\n<li>Feststellung der Tagesordnung<\/li>\n\n\n\n<li>Bericht des Vorstands<\/li>\n\n\n\n<li>Bericht des Kassenwarts (Kassenstand und Mitgliederentwicklung)<\/li>\n\n\n\n<li>Bericht der Kassenpr\u00fcfer<\/li>\n\n\n\n<li>Entlastung des Vorstands<\/li>\n\n\n\n<li><strong>Vorstellung und Abstimmung zur Erweiterung des Startplatzes B\u00e4renloch<\/strong><\/li>\n\n\n\n<li>Verschiedenes<\/li>\n<\/ol>\n\n\n\n<p class=\"wp-block-paragraph\">Erg\u00e4nzungen zur Tagesordnung k\u00f6nnen beim Vorstand bis 3 Tage vor der Sitzung eingereicht werden.<\/p>\n\n\n\n<p class=\"wp-block-paragraph\">Im Anschluss k\u00f6nnen wir im Gasthof Berg noch etwas essen\/trinken.<\/p>\n\n\n\n<p class=\"wp-block-paragraph\">Der Vorstand<\/p>\n\n\n\n<p class=\"wp-block-paragraph\">(J\u00f6rg Enke, Karl-Peter Armbrust, Oliver Schmidt, Holger Tupath, Ralf Lichtenfels)<\/p>\n","protected":false},"excerpt":{"rendered":"<p>Liebe Mitglieder des 1. PDGFC e.V., wir laden euch sehr herzlich zur Mitgliederversammlung ein. Die Mitgliederversammlung findet statt am Freitag, 18.09.2026, 19:30 Uhr im Landhotel-Restaurant Berg,Oberstra\u00dfe 11, 67814 Dannenfelsim Nebengeb\u00e4ude (nicht im Restaurant) Interessierte treffen sich schon um 18:15 dort, um zu einer Besichtigung des Startplatzes B\u00e4renloch\/Rampe hochzufahren (Fahrgemeinschaften) oder um 18:30 oben direkt am &hellip; <a href=\"https:\/\/www.pdgfc.de\/content\/?p=3963\" class=\"more-link\">Continue reading<span class=\"screen-reader-text\"> &#8220;Einladung zur Mitgliederversammlung&#8221;<\/span><\/a><\/p>\n","protected":false},"author":12,"featured_media":0,"comment_status":"open","ping_status":"closed","sticky":false,"template":"","format":"standard","meta":{"_s2mail":"","footnotes":""},"categories":[19,20],"tags":[],"class_list":["post-3963","post","type-post","status-publish","format-standard","hentry","category-termine","category-verein"],"_links":{"self":[{"href":"https:\/\/www.pdgfc.de\/content\/index.php?rest_route=\/wp\/v2\/posts\/3963","targetHints":{"allow":["GET"]}}],"collection":[{"href":"https:\/\/www.pdgfc.de\/content\/index.php?rest_route=\/wp\/v2\/posts"}],"about":[{"href":"https:\/\/www.pdgfc.de\/content\/index.php?rest_route=\/wp\/v2\/types\/post"}],"author":[{"embeddable":true,"href":"https:\/\/www.pdgfc.de\/content\/index.php?rest_route=\/wp\/v2\/users\/12"}],"replies":[{"embeddable":true,"href":"https:\/\/www.pdgfc.de\/content\/index.php?rest_route=%2Fwp%2Fv2%2Fcomments&post=3963"}],"version-history":[{"count":1,"href":"https:\/\/www.pdgfc.de\/content\/index.php?rest_route=\/wp\/v2\/posts\/3963\/revisions"}],"predecessor-version":[{"id":3964,"href":"https:\/\/www.pdgfc.de\/content\/index.php?rest_route=\/wp\/v2\/posts\/3963\/revisions\/3964"}],"wp:attachment":[{"href":"https:\/\/www.pdgfc.de\/content\/index.php?rest_route=%2Fwp%2Fv2%2Fmedia&parent=3963"}],"wp:term":[{"taxonomy":"category","embeddable":true,"href":"https:\/\/www.pdgfc.de\/content\/index.php?rest_route=%2Fwp%2Fv2%2Fcategories&post=3963"},{"taxonomy":"post_tag","embeddable":true,"href":"https:\/\/www.pdgfc.de\/content\/index.php?rest_route=%2Fwp%2Fv2%2Ftags&post=3963"}],"curies":[{"name":"wp","href":"https:\/\/api.w.org\/{rel}","templated":true}]}}