{"id":2785,"date":"2025-03-05T16:25:03","date_gmt":"2025-03-05T14:25:03","guid":{"rendered":"https:\/\/www.pdgfc.de\/content\/?p=2785"},"modified":"2025-03-05T16:25:03","modified_gmt":"2025-03-05T14:25:03","slug":"an-der-madenburg-darf-ab-jetzt-ganzjahrig-geflogen-werden-vorerst-nur-fur-vereinsmitglieder","status":"publish","type":"post","link":"https:\/\/www.pdgfc.de\/content\/?p=2785","title":{"rendered":"An der Madenburg darf ab jetzt ganzj\u00e4hrig geflogen werden &#8211; vorerst nur f\u00fcr Vereinsmitglieder"},"content":{"rendered":"\n<p><br><br>Der DHV hat uns die Erweiterung der Flugerlaubnis f\u00fcr den Zeitraum 1.3. bis 15.7. erteilt. Damit k\u00f6nnen wir jetzt ganzj\u00e4hrig an der Madenburg fliegen!<br>Es gibt in der Zeit vom 1.3 bis 15.7. die Einschr\u00e4nkung, dass nicht bei D\u00e4mmerung geflogen werden darf und dass das Naturschutzgebiet nach M\u00f6glichkeit mit mindestens 150m \u00fcberflogen werden soll.<\/p>\n\n\n\n<p>In der Vergangenheit hatten wir leider Probleme mit manchen Gastpiloten, die wichtige Regeln nicht eingehalten haben und ohne Einweisung geflogen sind, so dass wir handeln m\u00fcssen, um das Fluggebiet dauerhaft zu erhalten. Wir erarbeiten deshalb einen formellen Einweisungsvorgang und eine G\u00e4steregelung, so wie das in anderen Fluggebieten auch \u00fcblich ist. Weitere Infos dazu werden folgen. Aktuell sind noch die m\u00fcndlich erteilten Einweisungen g\u00fcltig.<\/p>\n\n\n\n<p>Wir m\u00fcssen insbesondere w\u00e4hrend des sensiblen Zeitraums vom 1.3. &#8211; 15.7. daf\u00fcr sorgen, dass alle Regeln der FBO eingehalten werden und dass nur mit Einweisung geflogen wird. Deshalb ist das Fliegen in diesem Jahr bis zum 15.7. nur f\u00fcr Vereinsmitglieder gestattet. Bis zum 15.7. werden wir eine G\u00e4steregelung erarbeiten, die ab dann G\u00fcltigkeit hat. Vor dem 15.7. sind G\u00e4ste an der Madenburg nicht startberechtigt.<\/p>\n","protected":false},"excerpt":{"rendered":"<p>Der DHV hat uns die Erweiterung der Flugerlaubnis f\u00fcr den Zeitraum 1.3. bis 15.7. erteilt. Damit k\u00f6nnen wir jetzt ganzj\u00e4hrig an der Madenburg fliegen!Es gibt in der Zeit vom 1.3 bis 15.7. die Einschr\u00e4nkung, dass nicht bei D\u00e4mmerung geflogen werden darf und dass das Naturschutzgebiet nach M\u00f6glichkeit mit mindestens 150m \u00fcberflogen werden soll. In der &hellip; <a href=\"https:\/\/www.pdgfc.de\/content\/?p=2785\" class=\"more-link\">Continue reading<span class=\"screen-reader-text\"> &#8220;An der Madenburg darf ab jetzt ganzj\u00e4hrig geflogen werden &#8211; vorerst nur f\u00fcr Vereinsmitglieder&#8221;<\/span><\/a><\/p>\n","protected":false},"author":12,"featured_media":0,"comment_status":"open","ping_status":"closed","sticky":false,"template":"","format":"standard","meta":{"_s2mail":"","footnotes":""},"categories":[13],"tags":[],"class_list":["post-2785","post","type-post","status-publish","format-standard","hentry","category-fluggelaende"],"_links":{"self":[{"href":"https:\/\/www.pdgfc.de\/content\/index.php?rest_route=\/wp\/v2\/posts\/2785","targetHints":{"allow":["GET"]}}],"collection":[{"href":"https:\/\/www.pdgfc.de\/content\/index.php?rest_route=\/wp\/v2\/posts"}],"about":[{"href":"https:\/\/www.pdgfc.de\/content\/index.php?rest_route=\/wp\/v2\/types\/post"}],"author":[{"embeddable":true,"href":"https:\/\/www.pdgfc.de\/content\/index.php?rest_route=\/wp\/v2\/users\/12"}],"replies":[{"embeddable":true,"href":"https:\/\/www.pdgfc.de\/content\/index.php?rest_route=%2Fwp%2Fv2%2Fcomments&post=2785"}],"version-history":[{"count":1,"href":"https:\/\/www.pdgfc.de\/content\/index.php?rest_route=\/wp\/v2\/posts\/2785\/revisions"}],"predecessor-version":[{"id":2786,"href":"https:\/\/www.pdgfc.de\/content\/index.php?rest_route=\/wp\/v2\/posts\/2785\/revisions\/2786"}],"wp:attachment":[{"href":"https:\/\/www.pdgfc.de\/content\/index.php?rest_route=%2Fwp%2Fv2%2Fmedia&parent=2785"}],"wp:term":[{"taxonomy":"category","embeddable":true,"href":"https:\/\/www.pdgfc.de\/content\/index.php?rest_route=%2Fwp%2Fv2%2Fcategories&post=2785"},{"taxonomy":"post_tag","embeddable":true,"href":"https:\/\/www.pdgfc.de\/content\/index.php?rest_route=%2Fwp%2Fv2%2Ftags&post=2785"}],"curies":[{"name":"wp","href":"https:\/\/api.w.org\/{rel}","templated":true}]}}