{"id":2052,"date":"2019-05-18T17:57:08","date_gmt":"2019-05-18T15:57:08","guid":{"rendered":"http:\/\/www.pdgfc.de\/content\/?p=2052"},"modified":"2019-06-06T10:59:56","modified_gmt":"2019-06-06T08:59:56","slug":"clubfahrt-2019","status":"publish","type":"post","link":"https:\/\/www.pdgfc.de\/content\/?p=2052","title":{"rendered":"Clubfahrt 2019"},"content":{"rendered":"\n<p><em><strong>Liebe Clubkameraden<\/strong><\/em>,<\/p>\n\n\n\n<p>wenn das Wetter mitspielt,  soll auch dieses Jahr wieder eine Clubfahrt stattfinden.<\/p>\n\n\n\n<p>M\u00f6gliche Termine: <br>30.05. \u2013 02.06.2019 (Christi Himmelfahrt)<br>08.06. \u2013 10.06.2019 (Pfingsten)&nbsp;&nbsp;&nbsp;&nbsp; (1. Ausweichtermin)<br>20.06. \u2013 23.06.2019 (Fronleichnam)&nbsp;&nbsp;&nbsp;&nbsp; (2.  Ausweichtermin )<\/p>\n\n\n\n<p>Die <a href=\"https:\/\/www.bergbahnen-langes.at\/sommer\/paragliding-tandem\/\" target=\"_blank\" rel=\"noreferrer noopener\" aria-label=\"Grubigsteinbahn bei Lermoos (opens in a new tab)\">Grubigsteinbahn bei Lermoos<\/a> \u00f6ffnet am 30.05., so dass ich dieses Gebiet ausgew\u00e4hlt habe. <br>Drachentransport ist nach Voranmeldung m\u00f6glich.<br>Es gibt viele Alternativen in der N\u00e4he, falls der Wind nicht passen sollte.<\/p>\n\n\n\n<p>Um eine Unterkunft k\u00fcmmert sich jeder selbst. Es gibt 2 Campingpl\u00e4tze, wobei die Preise beim L\u00e4rchenhof wesentlich g\u00fcnstiger sind als beim Happy-Camp. Ich werde beim L\u00e4rchenhof campen.<\/p>\n\n\n\n<p><a href=\"https:\/\/www.laerchenhof-lermoos.at\/de\/camping\/preise\/51-0.html\">https:\/\/www.laerchenhof-lermoos.at\/de\/camping\/preise\/51-0.html<\/a><br><a href=\"https:\/\/www.camping-lermoos.com\/preise\/\">https:\/\/www.camping-lermoos.com\/preise\/<\/a><\/p>\n\n\n\n<p>Wie immer werden wir uns abends zum Essen treffen. Dabei gibt es f\u00fcr die Teilnehmer einen Zuschuss f\u00fcr Bahnfahrten und\/oder Abendessen.<\/p>\n\n\n\n<p>1. Treffpunkt w\u00e4re 30.05. um 9.00 Uhr <a href=\"https:\/\/goo.gl\/maps\/9kWqMBsLGgJXGp8W6\" target=\"_blank\" rel=\"noreferrer noopener\" aria-label=\"an der Grubigsteinba (opens in a new tab)\">an der Grubigsteinba<\/a><a href=\"https:\/\/goo.gl\/maps\/9kWqMBsLGgJXGp8W6\">hn<\/a>. \u00c4nderungen werden per Email bekanntgegeben.<\/p>\n\n\n\n<p>Sollte das Wetter  kurzfristig  im Westen besser sein als in den Zentralalpen, w\u00e4re auch der S\u00fcdschwarzwald (Kandel und Hochblauen) oder Annecy eine m\u00f6gliche Alternative.<\/p>\n\n\n\n<p>Bitte <a href=\"mailto:schorsch@pdgfc.de\">meldet euch per Email bei mir<\/a>, ob ihr beim Himmelfahrtstermin (oder Ausweichtermin) teilnehmen wollt.<\/p>\n\n\n\n<p><strong><em>Happy Landings<\/em><\/strong><\/p>\n\n\n\n<p>Schorsch \/ Georg Kreber<\/p>\n\n\n\n<p>(auf der Website ver\u00f6ffentlicht von J\u00f6rg Enke)<\/p>\n","protected":false},"excerpt":{"rendered":"<p>Liebe Clubkameraden, wenn das Wetter mitspielt, soll auch dieses Jahr wieder eine Clubfahrt stattfinden. M\u00f6gliche Termine: 30.05. \u2013 02.06.2019 (Christi Himmelfahrt)08.06. \u2013 10.06.2019 (Pfingsten)&nbsp;&nbsp;&nbsp;&nbsp; (1. Ausweichtermin)20.06. \u2013 23.06.2019 (Fronleichnam)&nbsp;&nbsp;&nbsp;&nbsp; (2. Ausweichtermin ) Die Grubigsteinbahn bei Lermoos \u00f6ffnet am 30.05., so dass ich dieses Gebiet ausgew\u00e4hlt habe. Drachentransport ist nach Voranmeldung m\u00f6glich.Es gibt viele Alternativen in &hellip; <a href=\"https:\/\/www.pdgfc.de\/content\/?p=2052\" class=\"more-link\">Continue reading<span class=\"screen-reader-text\"> &#8220;Clubfahrt 2019&#8221;<\/span><\/a><\/p>\n","protected":false},"author":12,"featured_media":0,"comment_status":"open","ping_status":"closed","sticky":false,"template":"","format":"standard","meta":{"_s2mail":"","footnotes":""},"categories":[19,9],"tags":[],"class_list":["post-2052","post","type-post","status-publish","format-standard","hentry","category-termine","category-vereinsausfluege"],"_links":{"self":[{"href":"https:\/\/www.pdgfc.de\/content\/index.php?rest_route=\/wp\/v2\/posts\/2052","targetHints":{"allow":["GET"]}}],"collection":[{"href":"https:\/\/www.pdgfc.de\/content\/index.php?rest_route=\/wp\/v2\/posts"}],"about":[{"href":"https:\/\/www.pdgfc.de\/content\/index.php?rest_route=\/wp\/v2\/types\/post"}],"author":[{"embeddable":true,"href":"https:\/\/www.pdgfc.de\/content\/index.php?rest_route=\/wp\/v2\/users\/12"}],"replies":[{"embeddable":true,"href":"https:\/\/www.pdgfc.de\/content\/index.php?rest_route=%2Fwp%2Fv2%2Fcomments&post=2052"}],"version-history":[{"count":4,"href":"https:\/\/www.pdgfc.de\/content\/index.php?rest_route=\/wp\/v2\/posts\/2052\/revisions"}],"predecessor-version":[{"id":2056,"href":"https:\/\/www.pdgfc.de\/content\/index.php?rest_route=\/wp\/v2\/posts\/2052\/revisions\/2056"}],"wp:attachment":[{"href":"https:\/\/www.pdgfc.de\/content\/index.php?rest_route=%2Fwp%2Fv2%2Fmedia&parent=2052"}],"wp:term":[{"taxonomy":"category","embeddable":true,"href":"https:\/\/www.pdgfc.de\/content\/index.php?rest_route=%2Fwp%2Fv2%2Fcategories&post=2052"},{"taxonomy":"post_tag","embeddable":true,"href":"https:\/\/www.pdgfc.de\/content\/index.php?rest_route=%2Fwp%2Fv2%2Ftags&post=2052"}],"curies":[{"name":"wp","href":"https:\/\/api.w.org\/{rel}","templated":true}]}}